{"id":430,"date":"2020-01-14T10:14:00","date_gmt":"2020-01-14T10:14:00","guid":{"rendered":"http:\/\/dev.gartenverband-freiberg.de\/?p=430"},"modified":"2021-11-23T10:27:20","modified_gmt":"2021-11-23T10:27:20","slug":"foerderprogramm-fuer-integration-von-fluechtlingen-im-laendlichen-bereich","status":"publish","type":"post","link":"https:\/\/gartenverband-freiberg.de\/index.php\/2020\/01\/14\/foerderprogramm-fuer-integration-von-fluechtlingen-im-laendlichen-bereich\/","title":{"rendered":"F\u00f6rderprogramm f\u00fcr Integration von Fl\u00fcchtlingen im l\u00e4ndlichen Bereich"},"content":{"rendered":"\n<p><a href=\"http:\/\/gartenverband-freiberg.de\/wp-content\/uploads\/pdf\/bundesanstalt_foerderprogramme_bekanntmachung.pdf\" target=\"_blank\" rel=\"noreferrer noopener\" aria-label=\" (\u00f6ffnet in neuem Tab)\">F\u00f6rderrichtlinie<\/a> <\/p>\n\n\n\n<p><a href=\"http:\/\/gartenverband-freiberg.de\/wp-content\/uploads\/pdf\/foerderprogramme_stadtgruen_landinitiativen.pdf\" target=\"_blank\" rel=\"noreferrer noopener\" aria-label=\" (\u00f6ffnet in neuem Tab)\">Information des LSK zum F\u00f6rderprogramm<\/a> <\/p>\n","protected":false},"excerpt":{"rendered":"<p>F\u00f6rderrichtlinie Information des LSK zum F\u00f6rderprogramm<\/p>\n","protected":false},"author":1,"featured_media":882,"comment_status":"closed","ping_status":"closed","sticky":false,"template":"","format":"standard","meta":{"footnotes":""},"categories":[41],"tags":[],"class_list":["post-430","post","type-post","status-publish","format-standard","has-post-thumbnail","hentry","category-foerderprogramme"],"_links":{"self":[{"href":"https:\/\/gartenverband-freiberg.de\/index.php\/wp-json\/wp\/v2\/posts\/430","targetHints":{"allow":["GET"]}}],"collection":[{"href":"https:\/\/gartenverband-freiberg.de\/index.php\/wp-json\/wp\/v2\/posts"}],"about":[{"href":"https:\/\/gartenverband-freiberg.de\/index.php\/wp-json\/wp\/v2\/types\/post"}],"author":[{"embeddable":true,"href":"https:\/\/gartenverband-freiberg.de\/index.php\/wp-json\/wp\/v2\/users\/1"}],"replies":[{"embeddable":true,"href":"https:\/\/gartenverband-freiberg.de\/index.php\/wp-json\/wp\/v2\/comments?post=430"}],"version-history":[{"count":8,"href":"https:\/\/gartenverband-freiberg.de\/index.php\/wp-json\/wp\/v2\/posts\/430\/revisions"}],"predecessor-version":[{"id":7926,"href":"https:\/\/gartenverband-freiberg.de\/index.php\/wp-json\/wp\/v2\/posts\/430\/revisions\/7926"}],"wp:featuredmedia":[{"embeddable":true,"href":"https:\/\/gartenverband-freiberg.de\/index.php\/wp-json\/wp\/v2\/media\/882"}],"wp:attachment":[{"href":"https:\/\/gartenverband-freiberg.de\/index.php\/wp-json\/wp\/v2\/media?parent=430"}],"wp:term":[{"taxonomy":"category","embeddable":true,"href":"https:\/\/gartenverband-freiberg.de\/index.php\/wp-json\/wp\/v2\/categories?post=430"},{"taxonomy":"post_tag","embeddable":true,"href":"https:\/\/gartenverband-freiberg.de\/index.php\/wp-json\/wp\/v2\/tags?post=430"}],"curies":[{"name":"wp","href":"https:\/\/api.w.org\/{rel}","templated":true}]}}